{"id":3075,"date":"2020-04-24T04:19:27","date_gmt":"2020-04-24T04:19:27","guid":{"rendered":"https:\/\/grupogispert.com\/blog\/?p=3075"},"modified":"2020-09-05T15:27:34","modified_gmt":"2020-09-05T15:27:34","slug":"medidas-urgentes-para-apoyar-la-economia-y-el-empleo-covid-19","status":"publish","type":"post","link":"https:\/\/grupogispert.com\/blog\/medidas-urgentes-para-apoyar-la-economia-y-el-empleo-covid-19\/","title":{"rendered":"Medidas urgentes para apoyar la econom\u00eda y el empleo COVID-19"},"content":{"rendered":"<p>[et_pb_section bb_built=&#8221;1&#8243;][et_pb_row][et_pb_column type=&#8221;4_4&#8243;][et_pb_text _builder_version=&#8221;3.13.1&#8243;]<\/p>\n<h3>Procedemos a desglosar las medidas aprobadas en materia de empleo y de forma resumida los aspectos m\u00e1s importantes del Real Decreto-Ley del 21 de abril por el que se adoptan nuevas medidas urgentes por los efectos del\u00a0COVID-19 en la econom\u00eda y el empleo.<\/h3>\n<h3>En materia de mantenimiento de las medidas de teletrabajo y adaptaci\u00f3n de horarios por hacerse cargo de menores<\/h3>\n<p><em>Pr\u00f3rroga de la vigencia de lo establecido en los art\u00edculos 5 y 6 de del Real Decreto Ley 8\/2020, de 17 de marzo y modificaci\u00f3n de su art\u00edculo 6, que establec\u00eda el car\u00e1cter preferente del trabajo a distancia y el derecho de adaptaci\u00f3n del horario y reducci\u00f3n de jornada<\/em><\/p>\n<p>Se prorroga durante <strong>dos<\/strong> <strong>meses<\/strong> a contar desde el fin del Estado de Alarma, la preferencia del teletrabajo y las adaptaciones de horario o jornada que se hayan realizado (o se realicen) para poder atender a los <strong>cuidados de menores o mayores a cargo<\/strong>.<\/p>\n<p>Adem\u00e1s, cambian el nombre a las adaptaciones de horario o jornada durante el Estado de Alarma y <strong>pasan a llamarse \u201cPlan MECUIDA\u201d<\/strong>.<\/p>\n<p>[\/et_pb_text][et_pb_image _builder_version=&#8221;3.13.1&#8243; src=&#8221;https:\/\/grupogispert.com\/blog\/wp-content\/uploads\/2020\/04\/prohibidodespedir.jpg&#8221; \/][et_pb_text _builder_version=&#8221;3.13.1&#8243;]<\/p>\n<h3>En materia de prestaciones de desempleo<\/h3>\n<p><em>Situaci\u00f3n legal de desempleo por extinci\u00f3n de la relaci\u00f3n laboral en el per\u00edodo de prueba producida durante la vigencia del estado de alarma.<\/em><\/p>\n<p>Se podr\u00e1 solicitar la prestaci\u00f3n de desempleo si se produce la extinci\u00f3n del contrato durante el per\u00edodo de prueba desde el pasado 9 de marzo de 2020, al considerarse en situaci\u00f3n legal de desempleo con independencia de la causa de la extinci\u00f3n laboral anterior. Es decir, no es necesaria que la extinci\u00f3n anterior haya sido por causa no imputable al trabajador.<\/p>\n<p>Tambi\u00e9n tienen derecho a solicitar la prestaci\u00f3n de desempleo las personas que causaron baja voluntaria en un empleo, a partir del 1 de marzo de 2020, para cambiar a otro trabajo pero que no fueron contratadas en el segundo, por la situaci\u00f3n de Estado de Alarma derivado del COVID19. Para ello, es necesario que la segunda Empresa entregue al trabajador una comunicaci\u00f3n por escrito reconociendo la oferta de trabajo y que no se ha llegado a celebrar el contrato.<\/p>\n<p><em>Modificaci\u00f3n del Real Decreto-ley 8\/2020, de 17 de marzo, de medidas urgentes extraordinarias para hacer frente al impacto econ\u00f3mico y social del COVID-19, concretamente el art\u00edculo 25 en su apartado 6 en cuanto medidas extraordinarias en materia de protecci\u00f3n por desempleo, en el que se establece:<\/em><\/p>\n<p>Los fijos discontinuos que se encuentran en periodo de inactividad pueden solicitar la prestaci\u00f3n de desempleo, incluso si no tienen derecho por falta cotizaci\u00f3n suficiente. Es decir, se ampl\u00eda la situaci\u00f3n legal de desempleo durante el per\u00edodo en el que no ten\u00edan que trabajar para la empresa.<\/p>\n<p>Los fijos discontinuos que deber\u00edan estar trabajando y no lo hacen por causa del Estado de Alarma derivado del COVID19, por lo que est\u00e1n cobrando una prestaci\u00f3n por desempleo, tendr\u00e1n <strong>derecho a una prestaci\u00f3n de hasta 90 d\u00edas en el per\u00edodo de inactividad<\/strong>.<\/p>\n<p>Los fijos discontinuos que ya hubieran agotado su prestaci\u00f3n contributiva pueden solicitar una nueva <strong>prestaci\u00f3n extraordinaria de un m\u00e1ximo de 90 d\u00edas<\/strong>.<\/p>\n<p>&nbsp;<\/p>\n<h3>Medidas de aclaraci\u00f3n sobre la causa de fuerza mayor y ERTE parciales de empresas de actividad esencial<\/h3>\n<p>Se aclara que para aplicar un ERTE por fuerza mayor debe haber <strong>causa directa en p\u00e9rdidas de actividad como consecuencia del COVID-19, incluida la declaraci\u00f3n el estado de alarma, que impliquen suspensi\u00f3n o cancelaci\u00f3n de actividades, cierre temporal de locales de afluencia p\u00fablica, restricciones en el transporte p\u00fablico y, en general, de la movilidad de las personas y\/o las mercanc\u00edas, falta de suministros que impidan gravemente continuar con el desarrollo ordinario de la actividad, o bien en situaciones urgentes y extraordinarias debidas al contagio de la plantilla o la adopci\u00f3n de medidas de aislamiento preventivo decretados por la autoridad sanitaria<\/strong>.<\/p>\n<p>Las empresas declaradas esenciales por el Real Decreto 463\/2020 de declaraci\u00f3n de Estado de Alarma podr\u00e1n aplicar ERTE por Fuerza Mayor en las partes de actividad no esenciales. Es decir, todo aquella parte de la actividad que se pueda acreditar no necesaria para poder mantener la parte de la parte esencial, por ejemplo, la parte administrativa.<\/p>\n<p>&nbsp;<\/p>\n<h3>Medidas en material laboral para aut\u00f3nomos<\/h3>\n<p><em>Opci\u00f3n por una mutua colaboradora con la Seguridad Social de los trabajadores del R\u00e9gimen Especial de la Seguridad Social de los Trabajadores por Cuenta Propia o Aut\u00f3nomos que hubieran optado inicialmente por una entidad gestora.<\/em><\/p>\n<p>Los aut\u00f3nomos que soliciten la prestaci\u00f3n de cese de actividad por el Estado de Alarma derivado del COVID19, y que en no est\u00e9n adscritos a una Mutua de Accidentes de Trabajo colaboradora con la Seguridad Social, deben solicitar la prestaci\u00f3n ante la Mutua que escojan y manteni\u00e9ndola desde ese momento, con el objetivo de evitar que tengan que solicitar la prestaci\u00f3n directamente al SEPE.<\/p>\n<p>Los aut\u00f3nomos que a\u00fan no hubieran realizado la adscripci\u00f3n a una Mutua en concreto, tienen un <strong>plazo de 3 meses<\/strong> desde que acabe el Estado de Alarma para escogerla. En el caso de no hacerlo se les incluir\u00e1 de forma directa en la que tenga m\u00e1s aut\u00f3nomos afiliados en la provincia de residencia.<\/p>\n<p>La Mutua elegida por el aut\u00f3nomo para hacerse cargo de la prestaci\u00f3n de cese de actividad deber\u00e1 cubrir tambi\u00e9n la prestaci\u00f3n de Incapacidad Temporal (baja m\u00e9dica) incluso si es una reca\u00edda de un proceso anterior a la afiliaci\u00f3n.<\/p>\n<p>Los aut\u00f3nomos pueden solicitar <strong>aplazar las cuotas de Seguridad Social de los meses de abril a junio con un inter\u00e9s del 0,5%<\/strong>, siempre que no tenga concedido otro aplazamiento.<\/p>\n<p>&nbsp;<\/p>\n<h3>Medidas de la inspecci\u00f3n de trabajo y Seguridad Social y modificaciones ley de infracciones y sanciones del orden social (en adelante LISOS)<\/h3>\n<p><em>Suspensi\u00f3n de plazos en el \u00e1mbito de actuaci\u00f3n de la Inspecci\u00f3n de Trabajo y Seguridad Social.<\/em><\/p>\n<p>El tiempo transcurrido mientras dure el estado de alarma <strong>no computa a efectos de plazos de actuaciones comprobatorias<\/strong> de la ITSS, con el fin de que el paso del tiempo no beneficie a la empresa infractora, y tampoco a los requerimientos efectuados, excepto respecto a situaciones propias del Estado de Alarma.<\/p>\n<p>Se aclara expresamente que <strong>quedan suspendidos los plazos de prescripci\u00f3n para exigir la responsabilidad<\/strong> por incumplimiento de normativa laboral y de Seguridad Social y los <strong>plazos para imponer sanciones o los referentes a expedientes de liquidaci\u00f3n de cuotas<\/strong>.<\/p>\n<p><em>R\u00e9gimen sancionador y reintegro de prestaciones indebidas.<\/em><\/p>\n<p>Se modifica la LISOS para:<\/p>\n<ul>\n<li>Incluir como causa de sanci\u00f3n la conducta de la empresa consistente en solicitar medidas en relaci\u00f3n con el empleo, mediante <strong>fraude o informaci\u00f3n incompleta para obtener prestaciones, ya sea por parte del trabajador o del trabajador y la empresa<\/strong>.<\/li>\n<li>Insiste en que solicitar un ERTE de manera fraudulenta o sin causa supone sanci\u00f3n y devoluci\u00f3n de las prestaciones generadas y las deducciones de cuotas, adem\u00e1s de las sanciones que correspondan.<\/li>\n<li>Respecto al trabajador que hubiera sido incluido en un ERTE solicitado de manera fraudulenta o sin causa, aclara que mantiene el derecho al salario \u00edntegro, por lo que debe percibir la diferencia entre la prestaci\u00f3n percibida, que devolver\u00e1 la propia empresa, y el salario que hubiera cobrado si no hubiera estado afectado por la medida.<\/li>\n<\/ul>\n<p>&nbsp;<\/p>\n<p>Finalmente, desde el Departamento de Laboral de GRUPO GISPERT quedamos a su disposici\u00f3n para ampliar esta informaci\u00f3n o resolver cualquier duda que pudiera surgir relacionada con esta materia.<\/p>\n<p>[\/et_pb_text][et_pb_contact_form _builder_version=&#8221;3.13.1&#8243; submit_button_text=&#8221;ENVIAR&#8221; email=&#8221;info@grupogispert.com&#8221; captcha=&#8221;off&#8221;][et_pb_contact_field field_title=&#8221;Nombre&#8221; field_type=&#8221;input&#8221; field_id=&#8221;Name&#8221; required_mark=&#8221;on&#8221; fullwidth_field=&#8221;off&#8221; _builder_version=&#8221;3.13.1&#8243; checkbox_checked=&#8221;off&#8221; checkbox_options=&#8221;%91{%22value%22:%22Nombre%22,%22checked%22:0}%93&#8243; radio_options=&#8221;%91{%22value%22:%22Nombre%22,%22checked%22:0}%93&#8243; select_options=&#8221;%91{%22value%22:%22Nombre%22,%22checked%22:0}%93&#8243; min_length=&#8221;0&#8243; max_length=&#8221;0&#8243; allowed_symbols=&#8221;all&#8221; conditional_logic=&#8221;off&#8221; conditional_logic_relation=&#8221;off&#8221; conditional_logic_rules=&#8221;%91{%22field%22:%22email%22,%22condition%22:%22is%22,%22value%22:%22%22}%93&#8243; use_background_color_gradient=&#8221;off&#8221; background_color_gradient_start=&#8221;#2b87da&#8221; background_color_gradient_end=&#8221;#29c4a9&#8243; background_color_gradient_type=&#8221;linear&#8221; background_color_gradient_direction=&#8221;180deg&#8221; background_color_gradient_direction_radial=&#8221;center&#8221; background_color_gradient_start_position=&#8221;0%&#8221; background_color_gradient_end_position=&#8221;100%&#8221; background_color_gradient_overlays_image=&#8221;off&#8221; parallax=&#8221;off&#8221; parallax_method=&#8221;on&#8221; background_size=&#8221;cover&#8221; background_position=&#8221;center&#8221; background_repeat=&#8221;no-repeat&#8221; background_blend=&#8221;normal&#8221; allow_player_pause=&#8221;off&#8221; background_video_pause_outside_viewport=&#8221;on&#8221; form_field_text_shadow_style=&#8221;none&#8221; box_shadow_style=&#8221;none&#8221; \/][et_pb_contact_field field_title=&#8221;Direcci\u00f3n de correo electr\u00f3nico&#8221; field_type=&#8221;email&#8221; field_id=&#8221;Email&#8221; required_mark=&#8221;on&#8221; fullwidth_field=&#8221;off&#8221; _builder_version=&#8221;3.13.1&#8243; \/][et_pb_contact_field field_title=&#8221;Mensaje&#8221; field_type=&#8221;text&#8221; field_id=&#8221;Message&#8221; required_mark=&#8221;on&#8221; fullwidth_field=&#8221;on&#8221; _builder_version=&#8221;3.13.1&#8243; \/][\/et_pb_contact_form][\/et_pb_column][\/et_pb_row][\/et_pb_section]<\/p>\n","protected":false},"excerpt":{"rendered":"<p>Procedemos a desglosar las medidas aprobadas en materia de empleo y de forma resumida los aspectos m\u00e1s importantes del \u00faltimo Real Decreto-Ley por el que se adoptan nuevas medidas urgentes por los efectos del COVID-19.<\/p>\n","protected":false},"author":7,"featured_media":3076,"comment_status":"closed","ping_status":"closed","sticky":false,"template":"","format":"standard","meta":{"_et_pb_use_builder":"on","_et_pb_old_content":"","_et_gb_content_width":"","_mo_disable_npp":""},"categories":[6],"tags":[],"_links":{"self":[{"href":"https:\/\/grupogispert.com\/blog\/wp-json\/wp\/v2\/posts\/3075"}],"collection":[{"href":"https:\/\/grupogispert.com\/blog\/wp-json\/wp\/v2\/posts"}],"about":[{"href":"https:\/\/grupogispert.com\/blog\/wp-json\/wp\/v2\/types\/post"}],"author":[{"embeddable":true,"href":"https:\/\/grupogispert.com\/blog\/wp-json\/wp\/v2\/users\/7"}],"replies":[{"embeddable":true,"href":"https:\/\/grupogispert.com\/blog\/wp-json\/wp\/v2\/comments?post=3075"}],"version-history":[{"count":5,"href":"https:\/\/grupogispert.com\/blog\/wp-json\/wp\/v2\/posts\/3075\/revisions"}],"predecessor-version":[{"id":3301,"href":"https:\/\/grupogispert.com\/blog\/wp-json\/wp\/v2\/posts\/3075\/revisions\/3301"}],"wp:featuredmedia":[{"embeddable":true,"href":"https:\/\/grupogispert.com\/blog\/wp-json\/wp\/v2\/media\/3076"}],"wp:attachment":[{"href":"https:\/\/grupogispert.com\/blog\/wp-json\/wp\/v2\/media?parent=3075"}],"wp:term":[{"taxonomy":"category","embeddable":true,"href":"https:\/\/grupogispert.com\/blog\/wp-json\/wp\/v2\/categories?post=3075"},{"taxonomy":"post_tag","embeddable":true,"href":"https:\/\/grupogispert.com\/blog\/wp-json\/wp\/v2\/tags?post=3075"}],"curies":[{"name":"wp","href":"https:\/\/api.w.org\/{rel}","templated":true}]}}