{"id":2955,"date":"2020-03-25T04:35:50","date_gmt":"2020-03-25T04:35:50","guid":{"rendered":"https:\/\/grupogispert.com\/blog\/?p=2955"},"modified":"2020-03-25T04:51:49","modified_gmt":"2020-03-25T04:51:49","slug":"medidas-legales-coronavirus-o-covid19","status":"publish","type":"post","link":"https:\/\/grupogispert.com\/blog\/medidas-legales-coronavirus-o-covid19\/","title":{"rendered":"Todas las medidas adoptadas para hacer frente a los efectos del Coronavirus. Gu\u00eda pr\u00e1ctica."},"content":{"rendered":"<p>[et_pb_section bb_built=&#8221;1&#8243;][et_pb_row][et_pb_column type=&#8221;4_4&#8243;][et_pb_text _builder_version=&#8221;3.13.1&#8243;]<\/p>\n<h3>Esta presentaci\u00f3n tiene como objeto hacer llegar al m\u00e1ximo de poblaci\u00f3n y de forma f\u00e1cilmente comprensible las principales medidas adoptadas por el Gobierno de Espa\u00f1a ante la crisis generada por la Pandemia del COVID-19 o Coronavirus y sus efectos para los ciudadanos.<\/h3>\n<p>Para ello exponemos, esquem\u00e1ticamente, tanto las principales medidas adoptadas el pasado 14 de marzo, con la aprobaci\u00f3n del REAL DECRETO 463\/2020, por el que se declar\u00f3 el estado de alarma para la gesti\u00f3n de la situaci\u00f3n de crisis sanitaria ocasionada por el COVID- 19, como las acordadas el siguiente d\u00eda 17, mediante el REAL DECRETO LEY 8\/2020, de medidas urgentes extraordinarias para hacer frente al impacto econ\u00f3mico y social del COVID-19, separando, por una parte las medidas de car\u00e1cter general que afectan a toda la ciudadan\u00eda y, por otra, todas aquellas que tienen una relevancia especial en el mundo del derecho.<\/p>\n<p>No se recoge en el presente documento ni las medidas adoptadas en el \u00e1mbito fiscal ni cualquier medida especifica que pueda haberse adoptado en los diferentes territorios auton\u00f3micos, si las hubiera, sino solo aquellas que afectan a todo el territorio nacional y que han sido adoptadas a la fecha de elaboraci\u00f3n del presente documento (20 de marzo del 2020).<\/p>\n<p>Por todo ello, esta presentaci\u00f3n contiene una informaci\u00f3n meramente divulgativa, para que la gente pueda tener conocimiento de sus obligaciones, no pudiendo considerarse, en ning\u00fan caso, como un documento jur\u00eddico.<\/p>\n<p>Puede encontrar mas informaci\u00f3n de cada una de las medidas en este blog donde se publican los art\u00edculos de actualizaci\u00f3n sobre la excepcional situaci\u00f3n derivada de la actual pandemia.<\/p>\n<p>[\/et_pb_text][et_pb_image _builder_version=&#8221;3.13.1&#8243; src=&#8221;https:\/\/grupogispert.com\/blog\/wp-content\/uploads\/2020\/03\/Guia-de-Medidas-Coronavirus.jpg&#8221; url=&#8221;https:\/\/grupogispert.com\/blog\/wp-content\/uploads\/2020\/03\/Guia-de-Medidas-Coronavirus.pdf&#8221; url_new_window=&#8221;on&#8221; \/][et_pb_button _builder_version=&#8221;3.13.1&#8243; button_text=&#8221;DESCARGA LA PRESENTACI\u00d3N SOBRE LAS MEDIDAS LEGALES DEL COVID-19&#8243; url_new_window=&#8221;on&#8221; button_url=&#8221;https:\/\/grupogispert.com\/blog\/wp-content\/uploads\/2020\/03\/Guia-de-Medidas-Coronavirus.pdf&#8221; \/][et_pb_text _builder_version=&#8221;3.13.1&#8243;]<\/p>\n<p>Puede encontrar mas informaci\u00f3n de cada una de las medidas en este blog donde se publican los art\u00edculos de actualizaci\u00f3n sobre la excepcional situaci\u00f3n derivada de la actual pandemia.<\/p>\n<ul>\n<li><a href=\"https:\/\/grupogispert.com\/blog\/la-suspension-de-los-plazos-judiciales-y-administrativos-por-el-covid-19\/\">La suspecsi\u00f3n de los plazos judiciales y administrativos<\/a><\/li>\n<li><a href=\"https:\/\/grupogispert.com\/blog\/medidas-relativas-al-consumo-para-hacer-frente-al-impacto-economico-y-social-del-covid-19\/\">El consumo<\/a><\/li>\n<li><a href=\"https:\/\/grupogispert.com\/blog\/la-prescripcion-y-la-caducidad-en-el-estado-de-alarma-por-el-covid-19\/\">La prescripci\u00f3n y la caducidad<\/a><\/li>\n<li><a href=\"https:\/\/grupogispert.com\/blog\/garantia-de-liquidez-medidas-relativas-para-sostener-la-economia-en-el-covid-19\/\">Garant\u00eda de liquidez y la econom\u00eda<\/a><\/li>\n<li><a href=\"https:\/\/grupogispert.com\/blog\/medidas-laborales-para-hacer-frente-al-impacto-economico-y-social-del-covid-19\/\">Laboral<\/a><\/li>\n<li><a href=\"https:\/\/grupogispert.com\/blog\/ambito-societario-medidas-para-hacer-frente-al-impacto-del-covid-19\/\">Societario<\/a><\/li>\n<li><a href=\"https:\/\/grupogispert.com\/blog\/covid-19-medidas-concursales-y-movimientos-de-capital\/\">Concursal y movimientos de capital<\/a><\/li>\n<\/ul>\n<p>[\/et_pb_text][\/et_pb_column][\/et_pb_row][\/et_pb_section]<\/p>\n","protected":false},"excerpt":{"rendered":"<p>Esta presentaci\u00f3n tiene como objeto hacer llegar al m\u00e1ximo de poblaci\u00f3n y de forma f\u00e1cilmente comprensible las principales medidas adoptadas por el Gobierno de Espa\u00f1a ante la crisis generada por la Pandemia del COVID-19 o Coronavirus y sus efectos para los ciudadanos.<\/p>\n","protected":false},"author":3,"featured_media":2956,"comment_status":"closed","ping_status":"closed","sticky":false,"template":"","format":"standard","meta":{"_et_pb_use_builder":"on","_et_pb_old_content":"","_et_gb_content_width":"","_mo_disable_npp":""},"categories":[98],"tags":[],"_links":{"self":[{"href":"https:\/\/grupogispert.com\/blog\/wp-json\/wp\/v2\/posts\/2955"}],"collection":[{"href":"https:\/\/grupogispert.com\/blog\/wp-json\/wp\/v2\/posts"}],"about":[{"href":"https:\/\/grupogispert.com\/blog\/wp-json\/wp\/v2\/types\/post"}],"author":[{"embeddable":true,"href":"https:\/\/grupogispert.com\/blog\/wp-json\/wp\/v2\/users\/3"}],"replies":[{"embeddable":true,"href":"https:\/\/grupogispert.com\/blog\/wp-json\/wp\/v2\/comments?post=2955"}],"version-history":[{"count":7,"href":"https:\/\/grupogispert.com\/blog\/wp-json\/wp\/v2\/posts\/2955\/revisions"}],"predecessor-version":[{"id":2971,"href":"https:\/\/grupogispert.com\/blog\/wp-json\/wp\/v2\/posts\/2955\/revisions\/2971"}],"wp:featuredmedia":[{"embeddable":true,"href":"https:\/\/grupogispert.com\/blog\/wp-json\/wp\/v2\/media\/2956"}],"wp:attachment":[{"href":"https:\/\/grupogispert.com\/blog\/wp-json\/wp\/v2\/media?parent=2955"}],"wp:term":[{"taxonomy":"category","embeddable":true,"href":"https:\/\/grupogispert.com\/blog\/wp-json\/wp\/v2\/categories?post=2955"},{"taxonomy":"post_tag","embeddable":true,"href":"https:\/\/grupogispert.com\/blog\/wp-json\/wp\/v2\/tags?post=2955"}],"curies":[{"name":"wp","href":"https:\/\/api.w.org\/{rel}","templated":true}]}}