{"id":2632,"date":"2020-02-25T07:27:45","date_gmt":"2020-02-25T07:27:45","guid":{"rendered":"https:\/\/grupogispert.com\/blog\/?p=2632"},"modified":"2020-09-05T16:42:01","modified_gmt":"2020-09-05T16:42:01","slug":"afectados-por-la-cancelacion-del-mobile-world-congress","status":"publish","type":"post","link":"https:\/\/grupogispert.com\/blog\/afectados-por-la-cancelacion-del-mobile-world-congress\/","title":{"rendered":"Afectados por la cancelaci\u00f3n del Mobile World Congress"},"content":{"rendered":"<h3>La cancelaci\u00f3n del Mobile World Congress por la amenaza del coronavirus es una cancelaci\u00f3n de alto efecto econ\u00f3mico y jur\u00eddico.<\/h3>\n<p>Una extra\u00f1a sensaci\u00f3n de calma tensa parece sobrevolar esta semana la ciudad de Barcelona, tras la cancelaci\u00f3n, acordada de forma unilateral por la entidad organizadora GSMA, del Mobile World Congres 2.020 que deb\u00eda celebrarse del 24 al 27 de febrero.<\/p>\n<p>Junto a \u00e9l, aunque ni se les nombre, tambi\u00e9n se ha cancelado el primer Xside, organizado por GSMA y los organizadores del S\u00f3nar, un sal\u00f3n de la innovaci\u00f3n y la creatividad, con espacios en horario diurno y conciertos de m\u00fasica electr\u00f3nica por la noche y se suspende tambi\u00e9n el 4 Years From Now (4YFN), que deb\u00eda agrupar a los emprendedores e inversores.<\/p>\n<p>Parece evidente que estamos ante la calma previa a una multitud de reclamaciones, judiciales o extrajudiciales, de las consecuencias econ\u00f3micas y de los da\u00f1os y perjuicios que que significar\u00e1 dicha cancelaci\u00f3n para los afectados. Y todos los intervinientes deben estar preparados y deben hacer un an\u00e1lisis jur\u00eddico de su situaci\u00f3n real, bien sea como damnificado, bien como responsable, ante la complicada batalla legal que se abre para dilucidar a quien corresponde la asunci\u00f3n de las p\u00e9rdidas millonarias que se producir\u00e1n por la no celebraci\u00f3n del certamen y consultar, a la vista de sus respectivos contratos, ante quienes pueden resultar responsables, quien son los responsables ante ellos y el que y el qu\u00e1ntum de las reclamaciones que pueden interponer o recibir, as\u00ed como los pasos previos que debieran hacer para la mejor defensa de sus intereses ya que, ante la gran variedad de situaciones, inicialmente todos pueden pretender reclamarse entre s\u00ed, por haber recibido cuant\u00edas sin prestar los servicios o haber preparado servicios sin recibir cuant\u00edas, con el juego intermedio de cuantos seguros puedan estar implicados y sus coberturas en caso de que se acepte la causa de fuerza mayor o no. En definitiva, quien debe responder en cada caso y por qu\u00e9 cuant\u00edas.<\/p>\n<p>Como todos sabemos, la organizaci\u00f3n decidi\u00f3 suspender el evento alegando unas razones de fuerza mayor, afirmando, seg\u00fan su propio comunicado, que:<\/p>\n<blockquote><p>Con el debido respeto al ambiente seguro y saludable en Barcelona y el pa\u00eds anfitri\u00f3n, la GSMA ha cancelado el MWC Barcelona 2020 porque la preocupaci\u00f3n global con respecto al brote de coronavirus, la preocupaci\u00f3n por los viajes y otras circunstancias, hacen que sea imposible que la GSMA celebre el evento\u201d; \u201cLa GSMA y las administraciones p\u00fablicas seguir\u00e1n trabajando al un\u00edsono y con apoyo mutuo para celebrar el MWC del 2021 y las futuras ediciones\u201d<\/p><\/blockquote>\n<p>Es cierto que a lo largo de la semana pasada asistimos a un goteo constante de bajas pero no es menos cierto que muchas de esas empresas, a su vez, forman parte del propio Consejo de Administraci\u00f3n de GSMA que es una organizaci\u00f3n que, como indica en su p\u00e1gina web,<\/p>\n<blockquote><p>\u201crepresenta los intereses de los operadores m\u00f3viles en todo el mundo, uniendo a m\u00e1s de 750 operadores con casi 400 compa\u00f1\u00edas en el ecosistema m\u00f3vil m\u00e1s amplio, incluidos fabricantes de dispositivos y dispositivos, compa\u00f1\u00edas de software, proveedores de equipos y compa\u00f1\u00edas de Internet, as\u00ed como organizaciones en sectores industriales adyacentes.&#8221;<\/p><\/blockquote>\n<p>Y, sobre todo, ese peligro para la salud ha sido reiteradamente negado tanto por el ministro de Sanidad como por la consellera de Salut, quienes han declarado reiteradamente ante las c\u00e1maras que no existe ning\u00fan motivo de salud p\u00fablica para suspender el congreso.<\/p>\n<p>En consecuencia, no parece que, jur\u00eddicamente, pueda basarse esa pretendida cancelaci\u00f3n por fuerza mayor y ese riesgo para la salud p\u00fablica en los propios comunicados de unas empresas que son a su vez miembros relevantes de la propia GSMA, m\u00e1xime cuando se ha mantenido su presencia en la Feria de la integraci\u00f3n de audiovisuales y electr\u00f3nica, el Integrated Systems Europe (ISE) de \u00c1msterdam.Dif\u00edcilmente se podr\u00e1 probar que venir a Barcelona esta semana es mas peligroso que ir a \u00c1msterdam, por lo que considero dif\u00edcil concluir si ha concurrido o no fuerza mayor.<\/p>\n<p>Veremos, adem\u00e1s, qu\u00e9 sucede con el pr\u00f3ximo evento programado por GSMA, el Mobile 360 Security for 5G, que debe celebrarse en La Haya (Pa\u00edses Bajos) los d\u00edas 29 y 30 de abril del presente a\u00f1o.<\/p>\n<p>Por tanto, si se llegase a descartar la existencia de fuerza mayor como raz\u00f3n para la cancelaci\u00f3n del evento, se abre la puerta a las reclamaciones que los distintos afectados puedan plantear por los da\u00f1os y perjuicios sufridos por tal cancelaci\u00f3n.<\/p>\n<p>Por ello todos los afectados deben, en primer lugar, aclarar este extremo de la relaci\u00f3n jur\u00eddica y valorar, convenientemente asesorados, el alcance del incumplimiento y las cuant\u00edas a las que pudieran tener derecho en unos casos o a las que deber\u00e1n responder en otros.<\/p>\n<p>Desde un punto de vista exclusivamente jur\u00eddico muchas son las cuestiones integrantes de la controversia, tantas que aconsejan sin duda que todos los afectados busquen un asesoramiento global con capacidad de enfocar el problema desde sus muy distintos prismas. Y es que, si uno revisa la letra peque\u00f1a de los contratos suscritos entre los operadores, entre sus m\u00faltiples condiciones se encuentra una cl\u00e1usula en la que se exonera a la organizaci\u00f3n de las responsabilidades en caso de que no pueda cumplir sus obligaciones por causa de fuerza mayor, y ah\u00ed radica el quid de la cuesti\u00f3n, el juego de responsabilidades depender\u00e1 de si los Juzgados y Tribunales avalan o no la pretendida fuerza mayor alegada por la organizaci\u00f3n.<\/p>\n<p>Los afectados son muchos y de diversas \u00edndoles, siendo las relaciones jur\u00eddicas en juego muy variadas, pues nos encontramos desde los expositores que no han podido acudir por la cancela\u00b4ci\u00f3n y que han asumido una serie de gastos m\u00e1s all\u00e1 del importe pagado a la organizaci\u00f3n y que va desde hoteles, billetes de avi\u00f3n, eventos contratados, montajes de stand\u2026., que, dependiendo de las condiciones de cancelaci\u00f3n deber\u00e1n abonar y, en su caso, reclamar a las empresas prestadoras de servicios como hoteles, servicios de catering y dem\u00e1s y un largo etc\u00e9tera.<\/p>\n<p>En definitiva, se trata de:<\/p>\n<ul>\n<li>Determinar si ha habido o no una raz\u00f3n de fuerza mayor para la cancelaci\u00f3n del evento.<\/li>\n<li>Fijar los da\u00f1os sufridos por cada uno de los afectados y el posible responsable.<\/li>\n<li>Iniciar, en su caso, la reclamaci\u00f3n que corresponda sea frente a la organizaci\u00f3n o frente a otros eventuales obligados.<\/li>\n<\/ul>\n","protected":false},"excerpt":{"rendered":"<p>Se trata de una cancelaci\u00f3n de alto efecto econ\u00f3mico y jur\u00eddico.<\/p>\n","protected":false},"author":8,"featured_media":2633,"comment_status":"closed","ping_status":"closed","sticky":false,"template":"","format":"standard","meta":{"_et_pb_use_builder":"","_et_pb_old_content":"","_et_gb_content_width":"","_mo_disable_npp":""},"categories":[3],"tags":[],"_links":{"self":[{"href":"https:\/\/grupogispert.com\/blog\/wp-json\/wp\/v2\/posts\/2632"}],"collection":[{"href":"https:\/\/grupogispert.com\/blog\/wp-json\/wp\/v2\/posts"}],"about":[{"href":"https:\/\/grupogispert.com\/blog\/wp-json\/wp\/v2\/types\/post"}],"author":[{"embeddable":true,"href":"https:\/\/grupogispert.com\/blog\/wp-json\/wp\/v2\/users\/8"}],"replies":[{"embeddable":true,"href":"https:\/\/grupogispert.com\/blog\/wp-json\/wp\/v2\/comments?post=2632"}],"version-history":[{"count":4,"href":"https:\/\/grupogispert.com\/blog\/wp-json\/wp\/v2\/posts\/2632\/revisions"}],"predecessor-version":[{"id":3314,"href":"https:\/\/grupogispert.com\/blog\/wp-json\/wp\/v2\/posts\/2632\/revisions\/3314"}],"wp:featuredmedia":[{"embeddable":true,"href":"https:\/\/grupogispert.com\/blog\/wp-json\/wp\/v2\/media\/2633"}],"wp:attachment":[{"href":"https:\/\/grupogispert.com\/blog\/wp-json\/wp\/v2\/media?parent=2632"}],"wp:term":[{"taxonomy":"category","embeddable":true,"href":"https:\/\/grupogispert.com\/blog\/wp-json\/wp\/v2\/categories?post=2632"},{"taxonomy":"post_tag","embeddable":true,"href":"https:\/\/grupogispert.com\/blog\/wp-json\/wp\/v2\/tags?post=2632"}],"curies":[{"name":"wp","href":"https:\/\/api.w.org\/{rel}","templated":true}]}}