{"id":3370,"date":"2020-09-29T07:48:09","date_gmt":"2020-09-29T07:48:09","guid":{"rendered":"https:\/\/grupogispert.com\/blog\/?p=3370"},"modified":"2020-09-29T08:17:14","modified_gmt":"2020-09-29T08:17:14","slug":"regulacio-del-treball-a-distancia-reial-decret-llei-28-2020-de-22-de-setembre","status":"publish","type":"post","link":"https:\/\/grupogispert.com\/blog\/ca\/regulacio-del-treball-a-distancia-reial-decret-llei-28-2020-de-22-de-setembre\/","title":{"rendered":"Regulaci\u00f3 del treball a dist\u00e0ncia, Reial Decret Llei 28\/2020, de 22 de setembre"},"content":{"rendered":"<p>[et_pb_section bb_built=&#8221;1&#8243;][et_pb_row][et_pb_column type=&#8221;4_4&#8243;][et_pb_text _builder_version=&#8221;3.13.1&#8243;]<\/p>\n<h3>Des de l&#8217;inici de la pand\u00e8mia s&#8217;ha anat reclamant una regulaci\u00f3 per al treball a dist\u00e0ncia i despr\u00e9s de mesos de negociaci\u00f3, despr\u00e9s de l&#8217;acord assolit entre la patronal i els sindicats, s&#8217;ha aprovat el passat dia 23 de setembre una nova Llei que regular\u00e0 el teletreball.<\/h3>\n<p>A continuaci\u00f3, procedim a remarcar els punts clau d&#8217;aquesta nova normativa:<\/p>\n<h4>I. Disposicions Generals<\/h4>\n<p>En primer lloc, la nova normativa ser\u00e0 aplicable quan el teletreball sigui <strong>de manera regular<\/strong> i s&#8217;entendr\u00e0 que ho \u00e9s quan es presti durant <strong>un m\u00ednim del 30% de la jornada en un per\u00edode de 3 mesos<\/strong>.<\/p>\n<p>En definitiva, tot aquell treballador a jornada completa que realitzi 1,5 dies de treball a dist\u00e0ncia a la setmana ser\u00e0 aplicable aquesta normativa.<\/p>\n<p>D&#8217;altra banda, s&#8217;han definit els seg\u00fcents conceptes:<\/p>\n<ul>\n<li>\u201cTreball a dist\u00e0ncia\u201d: la forma d&#8217;organitzaci\u00f3 del treball o de realitzaci\u00f3 de l&#8217;activitat laboral conforme a la qual aquesta es presta en el domicili de la persona treballadora o en el lloc triat per aquesta, durant tota la seva jornada o part d&#8217;ella, amb car\u00e0cter regular.<\/li>\n<li>\u201cTeletreball\u201d: aquell treball a dist\u00e0ncia que es duu a terme mitjan\u00e7ant l&#8217;\u00fas exclusiu o prevalent de mitjans i sistemes inform\u00e0tics, telem\u00e0tics i de telecomunicaci\u00f3.<\/li>\n<li>\u201cTreball presencial\u201d: aquell treball que es presta en el centre de treball o en el lloc determinat per l&#8217;Empresa.<\/li>\n<\/ul>\n<p>Existeixen diverses limitacions en el treball a dist\u00e0ncia com s\u00f3n:<\/p>\n<ul>\n<li>Contractes de treball acordats amb menors i en els contractes en pr\u00e0ctiques i per a la formaci\u00f3 i l&#8217;aprenentatge, es deu estableix un m\u00ednim del 50% de treball presencial.<\/li>\n<\/ul>\n<p>I, finalment, s&#8217;estableixen els drets d&#8217;igualtat de tracte i d\u2019oportunitats i no discriminaci\u00f3, que es continuaran mantenint els mateixos drets que haguessin ostentat si prestessin serveis en el centre de treball de l&#8217;Empresa, excepte aquells que siguin inherents al treball presencial.<\/p>\n<p>Els treballadors no podran sofrir perjudici o modificaci\u00f3 en cap de les seves condicions laborals, en les quals s&#8217;inclou la retribuci\u00f3, estabilitat en l&#8217;ocupaci\u00f3, temps de treball, formaci\u00f3 i promoci\u00f3 professional.<br \/>\nI les Empreses estan obligades a evitar qualsevol discriminaci\u00f3, directa o indirecta, particularment per ra\u00f3 de sexe, de les persones treballadores que presten serveis a dist\u00e0ncia.<\/p>\n<p>&nbsp;<\/p>\n<h4>II. L&#8217;acord de treball a dist\u00e0ncia<\/h4>\n<p>Principalment <strong>s&#8217;estableix la voluntarietat del treball a dist\u00e0ncia, fixant que ser\u00e0 voluntari tant per als treballadors com per a les Empreses, havent de formalitzar-se l&#8217;acord per escrit i amb la signatura ex-presa de les dues parts<\/strong>.<\/p>\n<p>La decisi\u00f3 de treballar a dist\u00e0ncia des d&#8217;una modalitat de treball presencial ser\u00e0 reversible per a l&#8217;Empresa i\/o treballador, que es realitzar\u00e0 conforme al que s&#8217;estableixi en la negociaci\u00f3 col\u00b7lectiva o, en defecte d&#8217;aix\u00f2, en el que es fixi en l&#8217;acord de treball a dist\u00e0ncia signat entre totes dues parts.<\/p>\n<p>S&#8217;estableix que la negativa del treballador a treballar a dist\u00e0ncia, l&#8217;exercici de la reversibilitat al treball presencial i les dificultats per al desenvolupament de l&#8217;activitat laboral a dist\u00e0ncia, <strong>no seran causes justificatives de l\u2019extinci\u00f3 de la relaci\u00f3 laboral ni de modificaci\u00f3 substancial de les condicions de treball<\/strong>.<\/p>\n<p>Respecte a les obligacions formals del pacte de treball a dist\u00e0ncia deur\u00e0 sempre<strong> ser per escrit<\/strong>, i podr\u00e0 estar incorporat al contracte de treball inicial o realitzar-se en un moment posterior, <strong>per\u00f2 en tot cas deur\u00e0 formalitzar-se abans que s&#8217;inici\u00ef el treball a dist\u00e0ncia<\/strong>.<\/p>\n<p>L&#8217;Empresa haur\u00e0 de lliurar a la Representaci\u00f3 Legal dels Treballadors (d&#8217;ara endavant RLT), en un termini no superior a deu dies des de la seva formalitzaci\u00f3, una c\u00f2pia de tots els acords de treball a dist\u00e0ncia que es realitzin i de les seves actualitzacions. Posteriorment, aquesta c\u00f2pia s&#8217;haur\u00e0 d&#8217;enviar a l&#8217;oficina d&#8217;ocupaci\u00f3 (SEPE) per al seu registre. Quan no existeixi RLT tamb\u00e9<strong> haur\u00e0 de formalitzar-se c\u00f2pia b\u00e0sica i presentar-se davant el SEPE<\/strong>.<\/p>\n<p>Respecte a la formalitzaci\u00f3 per escrit de l&#8217;acord de treball s&#8217;estableix un contingut m\u00ednim obligatori que ha de quedar reflectit en l&#8217;acord per ambdues parts, i que consisteix en 12 apartats que poden ser ampliats per la negociaci\u00f3 col\u00b7lectiva.<\/p>\n<ol>\n<li>Inventari dels mitjans, equips i eines que exigeix el desenvolupament del treball a dist\u00e0ncia concertat, inclosos els consumibles i els elements mobles, aix\u00ed com de la vida \u00fatil o per\u00edode m\u00e0xim per a la renovaci\u00f3 d&#8217;aquests.<\/li>\n<li>Enumeraci\u00f3 de les despeses que pogu\u00e9s tenir la persona treballadora pel fet de prestar serveis a dist\u00e0ncia, aix\u00ed com forma de quantificaci\u00f3 de la compensaci\u00f3 que obligat\u00f2riament ha d&#8217;abonar l&#8217;Empresa i moment i forma per a realitzar la mateixa, que es correspondr\u00e0, d&#8217;existir, amb la previsi\u00f3 recollida en el conveni o acord col\u00b7lectiu d&#8217;aplicaci\u00f3.<\/li>\n<li>Horari de treball de la persona treballadora i dins d&#8217;ell, si escau, regles de disponibilitat.<\/li>\n<li>Percentatge i distribuci\u00f3 entre treball presencial i treball a dist\u00e0ncia, en el seu cas.<\/li>\n<li>Centre de treball de l&#8217;Empresa al qual queda adscrita la persona treballadora a dist\u00e0ncia on, si \u00e9s procedent, desenvolupar\u00e0 la part de la jornada de treball presencial.<\/li>\n<li>Lloc de treball a dist\u00e0ncia triat per la persona treballadora per al desenvolupament del treball a dist\u00e0ncia.<\/li>\n<li>Durada de terminis de preav\u00eds per a l&#8217;exercici de les situacions de reversibilitat, en el seu cas.<\/li>\n<li>Mitjans de control Empresarial de l&#8217;activitat.<\/li>\n<li>Procediment a seguir en el cas de produir-se dificultats t\u00e8cniques que impedeixin el normal desenvolupament del treball a dist\u00e0ncia.<\/li>\n<li>Instruccions dictades per l&#8217;Empresa, amb la participaci\u00f3 de la representaci\u00f3 legal de les persones treballadores, en mat\u00e8ria de protecci\u00f3 de dades, espec\u00edficament aplicables en el treball a dist\u00e0ncia.<\/li>\n<li>Instruccions dictades per l&#8217;Empresa, pr\u00e8via informaci\u00f3 a la representaci\u00f3 legal de les persones treballadores, sobre seguretat de la informaci\u00f3, espec\u00edficament aplicables en el treball a dist\u00e0ncia.<\/li>\n<li>Durada de l&#8217;acord de treball a dist\u00e0ncia.<\/li>\n<\/ol>\n<p>En el cas que es produ\u00eds una <strong>modificaci\u00f3<\/strong> de les condicions establertes en l&#8217;acord de treball a dist\u00e0ncia (incl\u00f2s un canvi del % de treball presencial), haur\u00e0 de ser objecte d&#8217;un nou acord entre les parts,<strong> formalitzant-se igualment per escrit amb car\u00e0cter previ a la seva aplicaci\u00f3<\/strong>.<\/p>\n<p>I finalment en aquest apartat, s&#8217;estableix que els treballadors amb treball a dist\u00e0ncia durant la totalitat de la seva jornada des de l&#8217;inici de contractaci\u00f3, tindran prioritat per ocupar llocs de treball que es realitzen totalment o parcialment de manera presencial. Per a aix\u00f2, les Empreses hauran d&#8217;informar els treballadors i la RLT dels llocs de treball vacants de car\u00e0cter presencial que es produeixin.<\/p>\n<p>&nbsp;<\/p>\n<h4>III. Dret de les persones treballadores a dist\u00e0ncia<\/h4>\n<p>Reiterem que els treballadors a dist\u00e0ncia tenen els mateixos drets i obligacions que qualsevol treballador presencial.<\/p>\n<p>Fent-se un reconeixement expr\u00e9s als seg\u00fcents:<\/p>\n<ul>\n<li><strong>Dret a la carrera professional del treballador a dist\u00e0ncia<\/strong>; mitjan\u00e7ant les mesures necess\u00e0ries perqu\u00e8 es pugui dotar al treballador del seu Dret a la formaci\u00f3 i el Dret a la promoci\u00f3 professional, sense distinci\u00f3 entre els treballadors que presten serveis de manera presencial i a dist\u00e0ncia.<\/li>\n<li><strong>Dret a l&#8217;horari flexible<\/strong>; respectant-se els temps de disponibilitat obligat\u00f2ria, en el que s&#8217;hagi acordat amb el treballador i la negociaci\u00f3 col\u00b7lectiva.<\/li>\n<li><strong>Dret al registre horari adequat<\/strong>; havent-se de reflectir el temps que el treballador fa el seu treball a dist\u00e0ncia, sense perjudici de la flexibilitat hor\u00e0ria, incloent-hi el moment d&#8217;inici i finalitzaci\u00f3 de la jornada.<\/li>\n<li><strong>Dret a la dotaci\u00f3 i manteniment de mitjans i a l&#8217;abonament i compensaci\u00f3 de despeses<\/strong>: Sent un dels elements m\u00e9s conflictiu en la negociaci\u00f3 de l&#8217;acord previ a la present norma.<\/li>\n<\/ul>\n<p>Els treballadors que treballen a dist\u00e0ncia tindran<strong> dret a la dotaci\u00f3 i manteniment adequat <\/strong>per part de l&#8217;Empresa de <strong>tots els mitjans, equips i eines necessaris per al desenvolupament de l&#8217;activitat<\/strong> (conforme a l&#8217;Inventari de l&#8217;acord individual signat o en el Conveni o acord col\u00b7lectiu). I es garantir\u00e0 l&#8217;atenci\u00f3 precisa en el cas de dificultats t\u00e8cniques, en el cas de teletreball.<\/p>\n<p>Respecte al dret a l&#8217;abonament i compensaci\u00f3 de despeses, s&#8217;especifica que el desenvolupament del treball a dist\u00e0ncia<strong> haur\u00e0 de ser sufragat o compensat per l&#8217;Empresa i no podr\u00e0 suposar que el treballador assumeixi despeses relacionades amb els equips, eines i mitjans vinculats al desenvolupament de la seva activitat laboral<\/strong>.<\/p>\n<ul>\n<li><strong>Dret a la Prevenci\u00f3 de Riscos Laborals<\/strong>: fins avui no es comptava d&#8217;una normativa clara per a aquest m\u00e8tode de treball i ara ja queda regulat <strong>subjecte a l&#8217;aplicaci\u00f3 de la normativa<\/strong> <strong>preventiva<\/strong> de conformitat amb el que s&#8217;estableix en la Llei 31\/1995, de 8 de novembre, de Prevenci\u00f3 de Riscos Laborals, i la seva normativa de desenvolupament. \u00c9s a dir, l&#8217;<strong>avaluaci\u00f3 de riscos i la planificaci\u00f3 de l&#8217;activitat preventiva del treball a dist\u00e0ncia hauran de tenir en compte els riscos caracter\u00edstics d&#8217;aquesta modalitat de treball<\/strong>, posant especial atenci\u00f3 en els factors psicosocials, ergon\u00f2mics i organitzatius. En particular, haur\u00e0 de tenir-se en compte la distribuci\u00f3 de la jornada, els temps de disponibilitat i la garantia dels descansos i desconnexions durant la jornada.<\/li>\n<\/ul>\n<p style=\"padding-left: 30px;\">S&#8217;estableix que l&#8217;<strong>avaluaci\u00f3 de riscos \u00fanicament deu assolir a la zona habilitada per a la prestaci\u00f3 de serveis<\/strong>, no s\u2019hi ha d\u2019ampliar a la resta de zones de l&#8217;habitatge o del lloc triat per al desenvolupament del treball a dist\u00e0ncia.<\/p>\n<p style=\"padding-left: 30px;\">Si per a l&#8217;avaluaci\u00f3 de riscos del lloc de treball <strong>s&#8217;exig\u00eds la visita<\/strong> per part de qui tingu\u00e9s compet\u00e8ncies en mat\u00e8ria preventiva al lloc en el qual es desenvolupa el treball a dist\u00e0ncia, s&#8217;haur\u00e0 d&#8217;<strong>emetre un informe escrit<\/strong> que justifiqui aquesta actuaci\u00f3 i que es lliurar\u00e0 al treballador i als delegats de prevenci\u00f3 (en el cas d&#8217;existir). <strong>Sempre requerir\u00e0 el perm\u00eds expr\u00e9s del treballador si es tracta del seu domicili o del d&#8217;una tercera persona<\/strong>. Si no es conced\u00eds aquest perm\u00eds, es realitzar\u00e0 sobre la base de la determinaci\u00f3 dels riscos que es derivi de la informaci\u00f3 recaptada del treballador segons les instruccions del servei de prevenci\u00f3.<\/p>\n<ul>\n<li><strong>Drets relacionats amb l&#8217;\u00fas de mitjans digitals<\/strong>: com s\u00f3n el Dret a intimitat i a la protecci\u00f3 de dades conforme a la Llei Org\u00e0nica 3\/2018, de 5 de desembre, de Protecci\u00f3 de Dades Personals.<\/li>\n<\/ul>\n<p style=\"padding-left: 30px;\">IMPORTANT: <strong>L&#8217;Empresa no podr\u00e0 exigir la instal\u00b7laci\u00f3 de programes o aplicacions en dispositius propietat del treballador, ni la utilitzaci\u00f3 d&#8217;aquests dispositius personals en el desenvolupament del treball a dist\u00e0ncia<\/strong>.<\/p>\n<ul>\n<li><strong>Dret a la desconnexi\u00f3 digital<\/strong>: sent un deure de l&#8217;Empresa garantir la desconnexi\u00f3 mitjan\u00e7ant la limitaci\u00f3 de l&#8217;\u00fas dels mitjans tecnol\u00f2gics de comunicaci\u00f3 durant els per\u00edodes de descans, i respectar la durada m\u00e0xima de la jornada.<\/li>\n<li><strong>Drets col\u00b7lectius<\/strong>: tindr\u00e0 el mateix contingut i abast que la resta de les persones treballadores del centre de manera presencial al qual estiguin adscrits els treballadors a dist\u00e0ncia.<\/li>\n<\/ul>\n<p>&nbsp;<\/p>\n<h4>IV. Facultats d&#8217;organitzaci\u00f3, direcci\u00f3 i control Empresarial en el treball a dist\u00e0ncia<\/h4>\n<p>L&#8217;\u00faltim apartat fa refer\u00e8ncia a la <strong>protecci\u00f3 de dades i seguretat de la informaci\u00f3<\/strong> havent-se de complir, per part del treballador, en el desenvolupament del treball a dist\u00e0ncia, les instruccions que hagi establert l&#8217;Empresa sobre la protecci\u00f3 de dades, pr\u00e8via participaci\u00f3 de la RLT.<\/p>\n<p>Els treballadors tindran <strong>l&#8217;obligaci\u00f3<\/strong> de complir les instruccions sobre seguretat de la informaci\u00f3 i amb les condicions i instruccions d&#8217;\u00fas i conservaci\u00f3 establertes en relaci\u00f3 amb els equips o \u00fatils inform\u00e0tics, espec\u00edficament fixats per l&#8217;Empresa.<\/p>\n<p>Per l&#8217;anterior, dins de les<strong> facultats de control empresarial<\/strong>, l&#8217;Empresa podr\u00e0 adoptar les mesures que estimi m\u00e9s oportunes de vigil\u00e0ncia i control per verificar el compliment dels treballadors de les obligacions i deu-cap de bestiar laborals, inclosa la utilitzaci\u00f3 de mitjans telem\u00e0tics.<\/p>\n<p>Finalment es regulen diferents mat\u00e8ries com s\u00f3n:<\/p>\n<ul>\n<li><strong>El treball a dist\u00e0ncia en la negociaci\u00f3 col\u00b7lectiva<\/strong>: establint-se que els convenis o acords col\u00b7lectius podran establir, en atenci\u00f3 a l&#8217;especificitat de l&#8217;activitat concreta del seu \u00e0mbit, la identificaci\u00f3 dels llocs de treball i funcions susceptibles de ser realitzats a trav\u00e9s del treball a dist\u00e0ncia, les condicions d&#8217;acc\u00e9s i desenvolupament de l&#8217;activitat laboral mitjan\u00e7ant aquesta modalitat, la durada m\u00e0xima del treball a dist\u00e0ncia, aix\u00ed com continguts addicionals en l&#8217;acord de treball a dist\u00e0ncia i quantes altres q\u00fcestions es considerin necess\u00e0ries regular.<\/li>\n<li><strong>Entrada en vigor d&#8217;aquesta nova llei<\/strong>: En aquest sentit, la nova regulaci\u00f3 ser\u00e0 \u00edntegrament aplicable a les relacions de treball vigents i que estiguessin regulades, amb anterioritat a la seva publicaci\u00f3, per convenis o acords col\u00b7lectius sobre condicions de prestaci\u00f3 de serveis a dist\u00e0ncia, <strong>des del moment en el qual aquests perdin la seva vig\u00e8ncia<\/strong>.<\/li>\n<\/ul>\n<p style=\"padding-left: 30px;\">En cas que aquests convenis o acords no preveiessin un termini de durada, aquesta norma resultar\u00e0 d&#8217;aplicaci\u00f3 \u00edntegrament una vegada transcorregut un any (23\/09\/2021), i que pot allargar-se fins com a m\u00e0xim tres anys (23\/09\/2023).<\/p>\n<p style=\"padding-left: 30px;\">IMPORTANT: <strong>El treball a dist\u00e0ncia implantat excepcionalment en aplicaci\u00f3 de l&#8217;article 5 del Reial decret llei 8\/2020, de 17 de mar\u00e7, o a conseq\u00fc\u00e8ncia de les mesures de contenci\u00f3 sanit\u00e0ria derivades de la COVID-19, i mentre aquestes es mantinguin, li continuar\u00e0 resultant d&#8217;aplicaci\u00f3 la normativa laboral ordin\u00e0ria, \u00e9s a dir, a causa del seu car\u00e0cter excepcional no quedaria subjecte a la nova regulaci\u00f3<\/strong>.<\/p>\n<ul>\n<li><strong>Procediment de reclamaci\u00f3 judicial<\/strong>: la tramitaci\u00f3 de les possibles reclamacions sobre acc\u00e9s, reversi\u00f3 i modificaci\u00f3 del treball a dist\u00e0ncia, ser\u00e0 mitjan\u00e7ant demanda del treballador en l&#8217;un termini de vint dies h\u00e0bils, a partir que l&#8217;Empresa li comuniqui la seva negativa o la seva disconformitat amb la proposta realitzada, per presentar davant del Jutjat Social.<\/li>\n<\/ul>\n<p style=\"padding-left: 30px;\">El procediment ser\u00e0 urgent i se li donar\u00e0 tramitaci\u00f3 preferent. Contra la Sent\u00e8ncia en aquest procediment no procedir\u00e0 recurs, excepte quan s&#8217;hagi acumulat pretensi\u00f3 d&#8217;indemnitzaci\u00f3 per danys i perjudicis que per la seva quantia pogu\u00e9s donar lloc a recurs de suplicaci\u00f3 davant el Tribunal Superior de Just\u00edcia, per\u00f2 en tot cas, la resoluci\u00f3 sempre ser\u00e0 executiva des que es dicti la sent\u00e8ncia.<\/p>\n<p>&nbsp;<\/p>\n<p>Veure\u00a0<a href=\"https:\/\/grupogispert.com\/blog\/ca\/preguntes-i-respostes-sobre-la-llei-del-teletreball-pel-covid19\/\">Preguntes i respostes sobre la llei del teletreball pel covid19<\/a><\/p>\n<p>[\/et_pb_text][et_pb_cta _builder_version=&#8221;3.13.1&#8243; title=&#8221;Contacta amb l&#8217;\u00c0rea Laboral de Grupo Gispert&#8221; button_text=&#8221;Contacta amb l&#8217;\u00c0rea Laboral&#8221; button_url=&#8221;https:\/\/grupogispert.com\/ca\/contacte&#8221;]<\/p>\n<p>Des de l&#8217;\u00c0rea Laboral de Grupo Gispert quedem a la seva disposici\u00f3 per a ampliar aquesta informaci\u00f3 o resoldre qualsevol dubte que pogu\u00e9s sorgir relacionat amb aquesta mat\u00e8ria.<\/p>\n<p>[\/et_pb_cta][\/et_pb_column][\/et_pb_row][\/et_pb_section]<\/p>\n","protected":false},"excerpt":{"rendered":"<p>Des de l&#8217;inici de la pand\u00e8mia s&#8217;ha anat reclamant una regulaci\u00f3 per al treball a dist\u00e0ncia i despr\u00e9s de mesos de negociaci\u00f3, despr\u00e9s de l&#8217;acord assolit entre la patronal i els sindicats, s&#8217;ha aprovat el passat dia 23 de setembre una nova Llei que regular\u00e0 el teletreball.<\/p>\n","protected":false},"author":3,"featured_media":3347,"comment_status":"closed","ping_status":"closed","sticky":false,"template":"","format":"standard","meta":{"_et_pb_use_builder":"on","_et_pb_old_content":"","_et_gb_content_width":"","_mo_disable_npp":""},"categories":[81],"tags":[],"_links":{"self":[{"href":"https:\/\/grupogispert.com\/blog\/ca\/wp-json\/wp\/v2\/posts\/3370"}],"collection":[{"href":"https:\/\/grupogispert.com\/blog\/ca\/wp-json\/wp\/v2\/posts"}],"about":[{"href":"https:\/\/grupogispert.com\/blog\/ca\/wp-json\/wp\/v2\/types\/post"}],"author":[{"embeddable":true,"href":"https:\/\/grupogispert.com\/blog\/ca\/wp-json\/wp\/v2\/users\/3"}],"replies":[{"embeddable":true,"href":"https:\/\/grupogispert.com\/blog\/ca\/wp-json\/wp\/v2\/comments?post=3370"}],"version-history":[{"count":5,"href":"https:\/\/grupogispert.com\/blog\/ca\/wp-json\/wp\/v2\/posts\/3370\/revisions"}],"predecessor-version":[{"id":3379,"href":"https:\/\/grupogispert.com\/blog\/ca\/wp-json\/wp\/v2\/posts\/3370\/revisions\/3379"}],"wp:featuredmedia":[{"embeddable":true,"href":"https:\/\/grupogispert.com\/blog\/ca\/wp-json\/wp\/v2\/media\/3347"}],"wp:attachment":[{"href":"https:\/\/grupogispert.com\/blog\/ca\/wp-json\/wp\/v2\/media?parent=3370"}],"wp:term":[{"taxonomy":"category","embeddable":true,"href":"https:\/\/grupogispert.com\/blog\/ca\/wp-json\/wp\/v2\/categories?post=3370"},{"taxonomy":"post_tag","embeddable":true,"href":"https:\/\/grupogispert.com\/blog\/ca\/wp-json\/wp\/v2\/tags?post=3370"}],"curies":[{"name":"wp","href":"https:\/\/api.w.org\/{rel}","templated":true}]}}