{"id":2586,"date":"2020-02-17T11:16:14","date_gmt":"2020-02-17T11:16:14","guid":{"rendered":"https:\/\/grupogispert.com\/blog\/?p=2586"},"modified":"2020-02-17T11:16:15","modified_gmt":"2020-02-17T11:16:15","slug":"barcelona-tech-spirit-esdeveniment-alternatiu-despres-de-la-cancel%c2%b7lacio-del-mwc","status":"publish","type":"post","link":"https:\/\/grupogispert.com\/blog\/ca\/barcelona-tech-spirit-esdeveniment-alternatiu-despres-de-la-cancel%c2%b7lacio-del-mwc\/","title":{"rendered":"Barcelona Tech Spirit: esdeveniment alternatiu despr\u00e9s de la cancel\u00b7laci\u00f3 del MWC"},"content":{"rendered":"<p>[et_pb_section bb_built=&#8221;1&#8243;][et_pb_row _builder_version=&#8221;3.13.1&#8243;][et_pb_column type=&#8221;2_3&#8243;][et_pb_text _builder_version=&#8221;3.13.1&#8243;]<\/p>\n<p>Despr\u00e9s de l&#8217;anunci de la cancel\u00b7laci\u00f3 del Mobile World Congress, la comunitat startup de Barcelona ha reaccionat organitzant unes jornades d&#8217;emprenedoria per als dies 24, 25 i 26 de febrer, per tal d&#8217;aglutinar i aprofitar la pres\u00e8ncia dels diferents actors (emprenedors , fons d&#8217;inversi\u00f3, etc.) que ja tenien previst visitar Barcelona durant aquestes dates.<\/p>\n<p>El nou esdeveniment, batejat sota el t\u00edtol <strong>Barcelona Tech Spirit<\/strong>, sorgeix de la iniciativa de la Junta Directiva de Barcelona Tech City, l&#8217;Ajuntament de Barcelona, \u200b\u200bla Generalitat de Catalunya, Mobile World Capital i altres institucions de la comunitat startup i agrupar\u00e0 una s\u00e8rie de activitats i confer\u00e8ncies de foment de l&#8217;emprenedoria.<\/p>\n<p>[\/et_pb_text][\/et_pb_column][et_pb_column type=&#8221;1_3&#8243;][et_pb_text _builder_version=&#8221;3.13.1&#8243;]<\/p>\n<h4>Per a m\u00e9s novetats, recomanem seguir el compte de Twitter de Barcelona Tech City.<\/h4>\n<p>[\/et_pb_text][et_pb_social_media_follow _builder_version=&#8221;3.13.1&#8243;][et_pb_social_media_follow_network _builder_version=&#8221;3.13.1&#8243; social_network=&#8221;twitter&#8221; skype_action=&#8221;call&#8221; url=&#8221;https:\/\/twitter.com\/bcntechcity&#8221; background_color=&#8221;#00aced&#8221; use_background_color_gradient=&#8221;off&#8221; background_color_gradient_start=&#8221;#2b87da&#8221; background_color_gradient_end=&#8221;#29c4a9&#8243; background_color_gradient_type=&#8221;linear&#8221; background_color_gradient_direction=&#8221;180deg&#8221; background_color_gradient_direction_radial=&#8221;center&#8221; background_color_gradient_start_position=&#8221;0%&#8221; background_color_gradient_end_position=&#8221;100%&#8221; background_color_gradient_overlays_image=&#8221;off&#8221; parallax=&#8221;off&#8221; parallax_method=&#8221;on&#8221; background_size=&#8221;cover&#8221; background_position=&#8221;center&#8221; background_repeat=&#8221;no-repeat&#8221; background_blend=&#8221;normal&#8221; allow_player_pause=&#8221;off&#8221; background_video_pause_outside_viewport=&#8221;on&#8221; box_shadow_style=&#8221;none&#8221;] Twitter [\/et_pb_social_media_follow_network][\/et_pb_social_media_follow][\/et_pb_column][\/et_pb_row][\/et_pb_section]<\/p>\n","protected":false},"excerpt":{"rendered":"<p>El Barcelona Tech Spirit sorgeix trasn la cancel\u00b7laci\u00f3 de el Mobile World Congress i agrupar\u00e0 un seguit d&#8217;activitats i confer\u00e8ncies de foment de l&#8217;emprenedoria.<\/p>\n","protected":false},"author":3,"featured_media":2579,"comment_status":"closed","ping_status":"closed","sticky":false,"template":"","format":"standard","meta":{"_et_pb_use_builder":"on","_et_pb_old_content":"<p>Despr\u00e9s de l'anunci de la cancel\u00b7laci\u00f3 del Mobile World Congress, la comunitat startup de Barcelona ha reaccionat organitzant unes jornades d'emprenedoria per als dies 24, 25 i 26 de febrer, per tal d'aglutinar i aprofitar la pres\u00e8ncia dels diferents actors (emprenedors , fons d'inversi\u00f3, etc.) que ja tenien previst visitar Barcelona durant aquestes dates.<\/p><p>El nou esdeveniment, batejat sota el t\u00edtol <strong>Barcelona Tech Spirit<\/strong>, sorgeix de la iniciativa de la Junta Directiva de Barcelona Tech City, l'Ajuntament de Barcelona, \u200b\u200bla Generalitat de Catalunya, Mobile World Capital i altres institucions de la comunitat startup i agrupar\u00e0 una s\u00e8rie de activitats i confer\u00e8ncies de foment de l'emprenedoria.<\/p>","_et_gb_content_width":"","_mo_disable_npp":""},"categories":[85],"tags":[],"_links":{"self":[{"href":"https:\/\/grupogispert.com\/blog\/ca\/wp-json\/wp\/v2\/posts\/2586"}],"collection":[{"href":"https:\/\/grupogispert.com\/blog\/ca\/wp-json\/wp\/v2\/posts"}],"about":[{"href":"https:\/\/grupogispert.com\/blog\/ca\/wp-json\/wp\/v2\/types\/post"}],"author":[{"embeddable":true,"href":"https:\/\/grupogispert.com\/blog\/ca\/wp-json\/wp\/v2\/users\/3"}],"replies":[{"embeddable":true,"href":"https:\/\/grupogispert.com\/blog\/ca\/wp-json\/wp\/v2\/comments?post=2586"}],"version-history":[{"count":1,"href":"https:\/\/grupogispert.com\/blog\/ca\/wp-json\/wp\/v2\/posts\/2586\/revisions"}],"predecessor-version":[{"id":2587,"href":"https:\/\/grupogispert.com\/blog\/ca\/wp-json\/wp\/v2\/posts\/2586\/revisions\/2587"}],"wp:featuredmedia":[{"embeddable":true,"href":"https:\/\/grupogispert.com\/blog\/ca\/wp-json\/wp\/v2\/media\/2579"}],"wp:attachment":[{"href":"https:\/\/grupogispert.com\/blog\/ca\/wp-json\/wp\/v2\/media?parent=2586"}],"wp:term":[{"taxonomy":"category","embeddable":true,"href":"https:\/\/grupogispert.com\/blog\/ca\/wp-json\/wp\/v2\/categories?post=2586"},{"taxonomy":"post_tag","embeddable":true,"href":"https:\/\/grupogispert.com\/blog\/ca\/wp-json\/wp\/v2\/tags?post=2586"}],"curies":[{"name":"wp","href":"https:\/\/api.w.org\/{rel}","templated":true}]}}