{"id":2234,"date":"2019-10-28T10:19:44","date_gmt":"2019-10-28T10:19:44","guid":{"rendered":"https:\/\/grupogispert.com\/blog\/?p=2234"},"modified":"2019-10-28T10:23:17","modified_gmt":"2019-10-28T10:23:17","slug":"todas-las-preguntas-y-respuestas-sobre-la-ley-de-enjuiciamiento-civil","status":"publish","type":"post","link":"https:\/\/grupogispert.com\/blog\/ca\/todas-las-preguntas-y-respuestas-sobre-la-ley-de-enjuiciamiento-civil\/","title":{"rendered":"Totes les preguntes i respostes sobre la Llei d&#8217;Enjudiciament Civil"},"content":{"rendered":"<p><img loading=\"lazy\" class=\"size-full wp-image-2227 alignleft\" src=\"https:\/\/grupogispert.com\/blog\/wp-content\/uploads\/2019\/10\/Ley-de-Enjuiciamiento-Civil.jpg\" alt=\"Ley de Enjuiciamiento Civil\" width=\"429\" height=\"603\" srcset=\"https:\/\/grupogispert.com\/blog\/wp-content\/uploads\/2019\/10\/Ley-de-Enjuiciamiento-Civil.jpg 429w, https:\/\/grupogispert.com\/blog\/wp-content\/uploads\/2019\/10\/Ley-de-Enjuiciamiento-Civil-213x300.jpg 213w\" sizes=\"(max-width: 429px) 100vw, 429px\" \/>L&#8217;equip d&#8217;execucions del Grupo Gispert encap\u00e7alat per <a href=\"https:\/\/grupogispert.com\/ca\/equip\/pepe-gimenez-alcover\">Pepe Gim\u00e9nez Alcover<\/a> ha participat com a autor \/ col\u00b7laborador del llibre: &#8220;Todas las preguntas y respuestas sobre la Ley de Enjuiciamiento Civil&#8221;, un compendi conformat per milers de preguntes i respostes que posen llum sobre les q\u00fcestions m\u00e9s controvertides que susciten en els processos civils. El nostre equip espec\u00edficament ha col\u00b7laborat en la redacci\u00f3 de nombroses preguntes relacionades amb el proc\u00e9s d&#8217;execuci\u00f3 i incorporades a l&#8217;esmentat llibre.<\/p>\n","protected":false},"excerpt":{"rendered":"<p>L&#8217;equip d&#8217;execucions del Grupo Gispert encap\u00e7alat per Pepe Gim\u00e9nez Alcover ha participat com a autor \/ col\u00b7laborador del llibre: &#8220;Todas las preguntas y respuestas sobre la Ley de Enjuiciamiento Civil&#8221;, un compendi conformat per milers de preguntes i respostes que posen llum sobre les q\u00fcestions m\u00e9s controvertides que susciten en els processos civils. El nostre [&hellip;]<\/p>\n","protected":false},"author":3,"featured_media":0,"comment_status":"closed","ping_status":"closed","sticky":false,"template":"","format":"standard","meta":{"_et_pb_use_builder":"","_et_pb_old_content":"","_et_gb_content_width":"","_mo_disable_npp":""},"categories":[87],"tags":[],"_links":{"self":[{"href":"https:\/\/grupogispert.com\/blog\/ca\/wp-json\/wp\/v2\/posts\/2234"}],"collection":[{"href":"https:\/\/grupogispert.com\/blog\/ca\/wp-json\/wp\/v2\/posts"}],"about":[{"href":"https:\/\/grupogispert.com\/blog\/ca\/wp-json\/wp\/v2\/types\/post"}],"author":[{"embeddable":true,"href":"https:\/\/grupogispert.com\/blog\/ca\/wp-json\/wp\/v2\/users\/3"}],"replies":[{"embeddable":true,"href":"https:\/\/grupogispert.com\/blog\/ca\/wp-json\/wp\/v2\/comments?post=2234"}],"version-history":[{"count":3,"href":"https:\/\/grupogispert.com\/blog\/ca\/wp-json\/wp\/v2\/posts\/2234\/revisions"}],"predecessor-version":[{"id":2238,"href":"https:\/\/grupogispert.com\/blog\/ca\/wp-json\/wp\/v2\/posts\/2234\/revisions\/2238"}],"wp:attachment":[{"href":"https:\/\/grupogispert.com\/blog\/ca\/wp-json\/wp\/v2\/media?parent=2234"}],"wp:term":[{"taxonomy":"category","embeddable":true,"href":"https:\/\/grupogispert.com\/blog\/ca\/wp-json\/wp\/v2\/categories?post=2234"},{"taxonomy":"post_tag","embeddable":true,"href":"https:\/\/grupogispert.com\/blog\/ca\/wp-json\/wp\/v2\/tags?post=2234"}],"curies":[{"name":"wp","href":"https:\/\/api.w.org\/{rel}","templated":true}]}}